{"id":974,"date":"2022-03-02T13:04:19","date_gmt":"2022-03-02T13:04:19","guid":{"rendered":"https:\/\/dlf.uzh.ch\/sites\/devcc\/?p=974"},"modified":"2022-03-02T13:04:19","modified_gmt":"2022-03-02T13:04:19","slug":"felwin-sarr-lecture-conversation-avec-ursula-bahler-2","status":"publish","type":"post","link":"https:\/\/dlftest.uzh.ch\/sites\/cultcomm\/2022\/03\/02\/felwin-sarr-lecture-conversation-avec-ursula-bahler-2\/","title":{"rendered":"Felwin Sarr: Lecture-Conversation avec Ursula B\u00e4hler"},"content":{"rendered":"<div class=\"wp-block-image\">\n<figure class=\"aligncenter size-full is-resized\"><img loading=\"lazy\" decoding=\"async\" src=\"https:\/\/dlf.uzh.ch\/sites\/devcc\/files\/2022\/09\/felwin_sarr.png\" alt=\"\" class=\"wp-image-8\" width=\"324\" height=\"324\" srcset=\"https:\/\/dlftest.uzh.ch\/sites\/cultcomm\/wp-content\/uploads\/sites\/2\/2022\/09\/felwin_sarr.png 216w, https:\/\/dlftest.uzh.ch\/sites\/cultcomm\/wp-content\/uploads\/sites\/2\/2022\/09\/felwin_sarr-150x150.png 150w\" sizes=\"(max-width: 324px) 100vw, 324px\" \/><\/figure><\/div>\n\n\n<p>Voici le podcast audio enregistr\u00e9 dans le cadre du festival litt\u00e9raire <em>Z\u00fcrich liest<\/em> le 29 octobre 2021.<\/p>\n\n\n\n<div class=\"wp-block-buttons is-layout-flex wp-block-buttons-is-layout-flex\">\n<div class=\"wp-block-button has-custom-width wp-block-button__width-50 has-custom-font-size is-style-outline has-small-font-size\"><a class=\"wp-block-button__link has-accent-color has-text-color wp-element-button\" href=\"https:\/\/gesstebuch.podigee.io\/7-felwine-sarr\" target=\"_blank\" rel=\"noreferrer noopener\">LA SAVEUR DES DERNIERS M\u00c8TRES<\/a><\/div>\n<\/div>\n","protected":false},"excerpt":{"rendered":"<p>Voici le podcast audio enregistr\u00e9 dans le cadre du festival litt\u00e9raire Z\u00fcrich liest le 29 octobre 2021.<span class=\"more-link\"><a href=\"https:\/\/dlftest.uzh.ch\/sites\/cultcomm\/2022\/03\/02\/felwin-sarr-lecture-conversation-avec-ursula-bahler-2\/\">Read More &rarr;<\/a><\/span><\/p>\n","protected":false},"author":1,"featured_media":8,"comment_status":"closed","ping_status":"closed","sticky":false,"template":"","format":"standard","meta":{"_uag_custom_page_level_css":"","footnotes":""},"categories":[6,3],"tags":[],"uagb_featured_image_src":{"full":["https:\/\/dlftest.uzh.ch\/sites\/cultcomm\/wp-content\/uploads\/sites\/2\/2022\/09\/felwin_sarr.png",216,216,false],"thumbnail":["https:\/\/dlftest.uzh.ch\/sites\/cultcomm\/wp-content\/uploads\/sites\/2\/2022\/09\/felwin_sarr-150x150.png",150,150,true],"medium":["https:\/\/dlftest.uzh.ch\/sites\/cultcomm\/wp-content\/uploads\/sites\/2\/2022\/09\/felwin_sarr.png",216,216,false],"medium_large":["https:\/\/dlftest.uzh.ch\/sites\/cultcomm\/wp-content\/uploads\/sites\/2\/2022\/09\/felwin_sarr.png",216,216,false],"large":["https:\/\/dlftest.uzh.ch\/sites\/cultcomm\/wp-content\/uploads\/sites\/2\/2022\/09\/felwin_sarr.png",216,216,false],"1536x1536":["https:\/\/dlftest.uzh.ch\/sites\/cultcomm\/wp-content\/uploads\/sites\/2\/2022\/09\/felwin_sarr.png",216,216,false],"2048x2048":["https:\/\/dlftest.uzh.ch\/sites\/cultcomm\/wp-content\/uploads\/sites\/2\/2022\/09\/felwin_sarr.png",216,216,false],"hoot-medium-thumb":["https:\/\/dlftest.uzh.ch\/sites\/cultcomm\/wp-content\/uploads\/sites\/2\/2022\/09\/felwin_sarr.png",216,216,false],"hoot-preview":["https:\/\/dlftest.uzh.ch\/sites\/cultcomm\/wp-content\/uploads\/sites\/2\/2022\/09\/felwin_sarr.png",216,216,false],"hoot-large-thumb":["https:\/\/dlftest.uzh.ch\/sites\/cultcomm\/wp-content\/uploads\/sites\/2\/2022\/09\/felwin_sarr.png",216,216,false],"hoot-preview-large":["https:\/\/dlftest.uzh.ch\/sites\/cultcomm\/wp-content\/uploads\/sites\/2\/2022\/09\/felwin_sarr.png",216,216,false],"hoot-wide":["https:\/\/dlftest.uzh.ch\/sites\/cultcomm\/wp-content\/uploads\/sites\/2\/2022\/09\/felwin_sarr.png",216,216,false],"hoot-extra-wide":["https:\/\/dlftest.uzh.ch\/sites\/cultcomm\/wp-content\/uploads\/sites\/2\/2022\/09\/felwin_sarr.png",216,216,false]},"uagb_author_info":{"display_name":"admin","author_link":"https:\/\/dlftest.uzh.ch\/sites\/cultcomm\/author\/admin\/"},"uagb_comment_info":0,"uagb_excerpt":"Voici le podcast audio enregistr\u00e9 dans le cadre du festival litt\u00e9raire Z\u00fcrich liest le 29 octobre 2021.Read More &rarr;","_links":{"self":[{"href":"https:\/\/dlftest.uzh.ch\/sites\/cultcomm\/wp-json\/wp\/v2\/posts\/974"}],"collection":[{"href":"https:\/\/dlftest.uzh.ch\/sites\/cultcomm\/wp-json\/wp\/v2\/posts"}],"about":[{"href":"https:\/\/dlftest.uzh.ch\/sites\/cultcomm\/wp-json\/wp\/v2\/types\/post"}],"author":[{"embeddable":true,"href":"https:\/\/dlftest.uzh.ch\/sites\/cultcomm\/wp-json\/wp\/v2\/users\/1"}],"replies":[{"embeddable":true,"href":"https:\/\/dlftest.uzh.ch\/sites\/cultcomm\/wp-json\/wp\/v2\/comments?post=974"}],"version-history":[{"count":0,"href":"https:\/\/dlftest.uzh.ch\/sites\/cultcomm\/wp-json\/wp\/v2\/posts\/974\/revisions"}],"wp:featuredmedia":[{"embeddable":true,"href":"https:\/\/dlftest.uzh.ch\/sites\/cultcomm\/wp-json\/wp\/v2\/media\/8"}],"wp:attachment":[{"href":"https:\/\/dlftest.uzh.ch\/sites\/cultcomm\/wp-json\/wp\/v2\/media?parent=974"}],"wp:term":[{"taxonomy":"category","embeddable":true,"href":"https:\/\/dlftest.uzh.ch\/sites\/cultcomm\/wp-json\/wp\/v2\/categories?post=974"},{"taxonomy":"post_tag","embeddable":true,"href":"https:\/\/dlftest.uzh.ch\/sites\/cultcomm\/wp-json\/wp\/v2\/tags?post=974"}],"curies":[{"name":"wp","href":"https:\/\/api.w.org\/{rel}","templated":true}]}}