{"id":972,"date":"2022-02-23T13:01:24","date_gmt":"2022-02-23T13:01:24","guid":{"rendered":"https:\/\/dlf.uzh.ch\/sites\/devcc\/?p=972"},"modified":"2022-02-23T13:01:24","modified_gmt":"2022-02-23T13:01:24","slug":"conference-du-studium-generale-prof-dr-thomas-klinkert-der-zusammenhang-von-erinnern-und-reisen-bei-marcel-proust","status":"publish","type":"post","link":"https:\/\/dlftest.uzh.ch\/sites\/cultcomm\/2022\/02\/23\/conference-du-studium-generale-prof-dr-thomas-klinkert-der-zusammenhang-von-erinnern-und-reisen-bei-marcel-proust\/","title":{"rendered":"Conf\u00e9rence du Studium Generale, Prof. Dr. Thomas Klinkert: Der Zusammenhang von Erinnern und Reisen bei Marcel Proust"},"content":{"rendered":"\n<p>Voici le podcast de la conf\u00e9rence de Thomas Klinkert, prononc\u00e9e en allemand dans le cadre du Studium Generale \u00e0 la Alberts-Ludwigs-Universit\u00e4t de Freiburg-im-Breisgau le 4 octobre 2021.<\/p>\n\n\n\n<p><a href=\"https:\/\/uni-freiburg.cloud.panopto.eu\/Panopto\/Pages\/Viewer.aspx?id=be165abd-8358-403b-993a-ade100ec3b49\">https:\/\/uni-freiburg.cloud.panopto.eu\/Panopto\/Pages\/Viewer.aspx?id=be165abd-8358-403b-993a-ade100ec3b49<\/a><\/p>\n","protected":false},"excerpt":{"rendered":"<p>Voici le podcast de la conf\u00e9rence de Thomas Klinkert, prononc\u00e9e en allemand dans le cadre du Studium Generale \u00e0 la Alberts-Ludwigs-Universit\u00e4t de Freiburg-im-Breisgau le 4 octobre 2021.<span class=\"more-link\"><a href=\"https:\/\/dlftest.uzh.ch\/sites\/cultcomm\/2022\/02\/23\/conference-du-studium-generale-prof-dr-thomas-klinkert-der-zusammenhang-von-erinnern-und-reisen-bei-marcel-proust\/\">Read More &rarr;<\/a><\/span><\/p>\n","protected":false},"author":1,"featured_media":707,"comment_status":"closed","ping_status":"closed","sticky":false,"template":"","format":"standard","meta":{"_uag_custom_page_level_css":"","footnotes":""},"categories":[6,8],"tags":[],"uagb_featured_image_src":{"full":false,"thumbnail":false,"medium":false,"medium_large":false,"large":false,"1536x1536":false,"2048x2048":false,"hoot-medium-thumb":false,"hoot-preview":false,"hoot-large-thumb":false,"hoot-preview-large":false,"hoot-wide":false,"hoot-extra-wide":false},"uagb_author_info":{"display_name":"admin","author_link":"https:\/\/dlftest.uzh.ch\/sites\/cultcomm\/author\/admin\/"},"uagb_comment_info":0,"uagb_excerpt":"Voici le podcast de la conf\u00e9rence de Thomas Klinkert, prononc\u00e9e en allemand dans le cadre du Studium Generale \u00e0 la Alberts-Ludwigs-Universit\u00e4t de Freiburg-im-Breisgau le 4 octobre 2021.Read More &rarr;","_links":{"self":[{"href":"https:\/\/dlftest.uzh.ch\/sites\/cultcomm\/wp-json\/wp\/v2\/posts\/972"}],"collection":[{"href":"https:\/\/dlftest.uzh.ch\/sites\/cultcomm\/wp-json\/wp\/v2\/posts"}],"about":[{"href":"https:\/\/dlftest.uzh.ch\/sites\/cultcomm\/wp-json\/wp\/v2\/types\/post"}],"author":[{"embeddable":true,"href":"https:\/\/dlftest.uzh.ch\/sites\/cultcomm\/wp-json\/wp\/v2\/users\/1"}],"replies":[{"embeddable":true,"href":"https:\/\/dlftest.uzh.ch\/sites\/cultcomm\/wp-json\/wp\/v2\/comments?post=972"}],"version-history":[{"count":0,"href":"https:\/\/dlftest.uzh.ch\/sites\/cultcomm\/wp-json\/wp\/v2\/posts\/972\/revisions"}],"wp:featuredmedia":[{"embeddable":true,"href":"https:\/\/dlftest.uzh.ch\/sites\/cultcomm\/wp-json\/"}],"wp:attachment":[{"href":"https:\/\/dlftest.uzh.ch\/sites\/cultcomm\/wp-json\/wp\/v2\/media?parent=972"}],"wp:term":[{"taxonomy":"category","embeddable":true,"href":"https:\/\/dlftest.uzh.ch\/sites\/cultcomm\/wp-json\/wp\/v2\/categories?post=972"},{"taxonomy":"post_tag","embeddable":true,"href":"https:\/\/dlftest.uzh.ch\/sites\/cultcomm\/wp-json\/wp\/v2\/tags?post=972"}],"curies":[{"name":"wp","href":"https:\/\/api.w.org\/{rel}","templated":true}]}}