{"id":968,"date":"2021-10-18T12:57:34","date_gmt":"2021-10-18T12:57:34","guid":{"rendered":"https:\/\/dlf.uzh.ch\/sites\/devcc\/?p=968"},"modified":"2021-10-18T12:57:34","modified_gmt":"2021-10-18T12:57:34","slug":"litterature-et-cite-de-la-necessite-des-etudes-litteraires","status":"publish","type":"post","link":"https:\/\/dlftest.uzh.ch\/sites\/cultcomm\/2021\/10\/18\/litterature-et-cite-de-la-necessite-des-etudes-litteraires\/","title":{"rendered":"Litt\u00e9rature et cit\u00e9. De la n\u00e9cessit\u00e9 des \u00e9tudes litt\u00e9raires"},"content":{"rendered":"\n<p>Voici le podcast de la le\u00e7on inaugurale d\u2019Ursula Baehler, prononc\u00e9e le 20 septembre 2021.<\/p>\n\n\n\n\n","protected":false},"excerpt":{"rendered":"<p>Voici le podcast de la le\u00e7on inaugurale d\u2019Ursula Baehler, prononc\u00e9e le 20 septembre 2021.<span class=\"more-link\"><a href=\"https:\/\/dlftest.uzh.ch\/sites\/cultcomm\/2021\/10\/18\/litterature-et-cite-de-la-necessite-des-etudes-litteraires\/\">Read More &rarr;<\/a><\/span><\/p>\n","protected":false},"author":1,"featured_media":692,"comment_status":"closed","ping_status":"closed","sticky":false,"template":"","format":"standard","meta":{"_uag_custom_page_level_css":"","footnotes":""},"categories":[8],"tags":[],"uagb_featured_image_src":{"full":false,"thumbnail":false,"medium":false,"medium_large":false,"large":false,"1536x1536":false,"2048x2048":false,"hoot-medium-thumb":false,"hoot-preview":false,"hoot-large-thumb":false,"hoot-preview-large":false,"hoot-wide":false,"hoot-extra-wide":false},"uagb_author_info":{"display_name":"admin","author_link":"https:\/\/dlftest.uzh.ch\/sites\/cultcomm\/author\/admin\/"},"uagb_comment_info":0,"uagb_excerpt":"Voici le podcast de la le\u00e7on inaugurale d\u2019Ursula Baehler, prononc\u00e9e le 20 septembre 2021.Read More &rarr;","_links":{"self":[{"href":"https:\/\/dlftest.uzh.ch\/sites\/cultcomm\/wp-json\/wp\/v2\/posts\/968"}],"collection":[{"href":"https:\/\/dlftest.uzh.ch\/sites\/cultcomm\/wp-json\/wp\/v2\/posts"}],"about":[{"href":"https:\/\/dlftest.uzh.ch\/sites\/cultcomm\/wp-json\/wp\/v2\/types\/post"}],"author":[{"embeddable":true,"href":"https:\/\/dlftest.uzh.ch\/sites\/cultcomm\/wp-json\/wp\/v2\/users\/1"}],"replies":[{"embeddable":true,"href":"https:\/\/dlftest.uzh.ch\/sites\/cultcomm\/wp-json\/wp\/v2\/comments?post=968"}],"version-history":[{"count":0,"href":"https:\/\/dlftest.uzh.ch\/sites\/cultcomm\/wp-json\/wp\/v2\/posts\/968\/revisions"}],"wp:featuredmedia":[{"embeddable":true,"href":"https:\/\/dlftest.uzh.ch\/sites\/cultcomm\/wp-json\/"}],"wp:attachment":[{"href":"https:\/\/dlftest.uzh.ch\/sites\/cultcomm\/wp-json\/wp\/v2\/media?parent=968"}],"wp:term":[{"taxonomy":"category","embeddable":true,"href":"https:\/\/dlftest.uzh.ch\/sites\/cultcomm\/wp-json\/wp\/v2\/categories?post=968"},{"taxonomy":"post_tag","embeddable":true,"href":"https:\/\/dlftest.uzh.ch\/sites\/cultcomm\/wp-json\/wp\/v2\/tags?post=968"}],"curies":[{"name":"wp","href":"https:\/\/api.w.org\/{rel}","templated":true}]}}