{"id":927,"date":"2021-08-23T10:54:46","date_gmt":"2021-08-23T10:54:46","guid":{"rendered":"https:\/\/dlf.uzh.ch\/sites\/devcc\/?p=927"},"modified":"2021-08-23T10:54:46","modified_gmt":"2021-08-23T10:54:46","slug":"fourmi-ou-cigale-chene-ou-roseau-le-monde-fabuleux-de-jean-de-la-fontaine-2","status":"publish","type":"post","link":"https:\/\/dlftest.uzh.ch\/sites\/cultcomm\/2021\/08\/23\/fourmi-ou-cigale-chene-ou-roseau-le-monde-fabuleux-de-jean-de-la-fontaine-2\/","title":{"rendered":"Fourmi ou cigale, ch\u00eane ou roseau ? Le monde fabuleux de Jean de La Fontaine"},"content":{"rendered":"\n<p>Nous vous proposons ici un dossier p\u00e9dagogique sur les Fables de Jean de La Fontaine. Ce dossier a \u00e9t\u00e9 cr\u00e9\u00e9 par Prof. Dr. Ursula B\u00e4hler et Pascale Palm-Leblanc dans le cadre d\u2019un cours de formation continue \u00e0 l\u2019Universit\u00e9 de Zurich en collaboration avec le <em>Institut f\u00fcr Erziehungswissenschaften<\/em>. Le dossier est con\u00e7u pour les \u00e9l\u00e8ves du niveau secondaire II.<\/p>\n\n\n\n<div class=\"wp-block-media-text alignwide has-media-on-the-right is-stacked-on-mobile\" style=\"grid-template-columns:auto 39%\"><div class=\"wp-block-media-text__content\">\n<p><\/p>\n\n\n\n<div class=\"wp-block-buttons is-layout-flex wp-block-buttons-is-layout-flex\">\n<div class=\"wp-block-button has-custom-width wp-block-button__width-100 has-custom-font-size is-style-outline has-small-font-size\"><a class=\"wp-block-button__link has-accent-color has-text-color wp-element-button\" href=\"https:\/\/dlf.uzh.ch\/sites\/devcc\/files\/2021\/09\/01-Matei\u0300riel-Didactique_Dossier-de-textes_LaFo_I-1.pdf\" target=\"_blank\" rel=\"noreferrer noopener\">Dossier de textes<\/a><\/div>\n<\/div>\n<\/div><figure class=\"wp-block-media-text__media\"><img decoding=\"async\" src=\"https:\/\/dlf.uzh.ch\/sites\/devcc\/files\/2023\/03\/01_banner.png\" alt=\"\" class=\"wp-image-950 size-full\" \/><\/figure><\/div>\n\n\n\n<hr class=\"wp-block-separator has-alpha-channel-opacity is-style-wide\" \/>\n\n\n\n<div class=\"wp-block-media-text alignwide has-media-on-the-right is-stacked-on-mobile\" style=\"padding-top:var(--wp--preset--spacing--30);grid-template-columns:auto 38%\"><div class=\"wp-block-media-text__content\">\n<p><\/p>\n\n\n\n<div class=\"wp-block-buttons is-layout-flex wp-block-buttons-is-layout-flex\">\n<div class=\"wp-block-button has-custom-width wp-block-button__width-100 has-custom-font-size is-style-outline has-small-font-size\"><a class=\"wp-block-button__link has-accent-color has-text-color wp-element-button\" href=\"https:\/\/dlf.uzh.ch\/sites\/devcc\/files\/2021\/08\/02-Elee\u030cments-historiques_LaFontaine.pdf\" target=\"_blank\" rel=\"noreferrer noopener\">\u00c9l\u00e9ments historiques sur La Fontaine<\/a><\/div>\n<\/div>\n<\/div><figure class=\"wp-block-media-text__media\"><img decoding=\"async\" src=\"https:\/\/dlf.uzh.ch\/sites\/devcc\/files\/2023\/03\/06_banner.png\" alt=\"\" class=\"wp-image-945 size-full\" \/><\/figure><\/div>\n\n\n\n<hr class=\"wp-block-separator has-alpha-channel-opacity is-style-wide\" \/>\n\n\n\n<div class=\"wp-block-media-text alignwide has-media-on-the-right is-stacked-on-mobile\" style=\"padding-top:var(--wp--preset--spacing--30);grid-template-columns:auto 39%\"><div class=\"wp-block-media-text__content\">\n<div class=\"wp-block-buttons is-layout-flex wp-block-buttons-is-layout-flex\">\n<div class=\"wp-block-button has-custom-width wp-block-button__width-100 has-custom-font-size is-style-outline has-small-font-size\"><a class=\"wp-block-button__link has-accent-color has-text-color wp-element-button\" href=\"https:\/\/dlf.uzh.ch\/sites\/devcc\/files\/2021\/08\/04-Cigale-et-Fourmi_Dossier-Ee\u030cleE\u030cves.pdf\" target=\"_blank\" rel=\"noreferrer noopener\">La cigale et la fourmi \u2013 dossier \u00e9l\u00e8ves<\/a><\/div>\n<\/div>\n\n\n\n<div class=\"wp-block-buttons is-layout-flex wp-block-buttons-is-layout-flex\">\n<div class=\"wp-block-button has-custom-width wp-block-button__width-100 has-custom-font-size is-style-outline has-small-font-size\"><a class=\"wp-block-button__link has-accent-color has-text-color wp-element-button\" href=\"https:\/\/dlf.uzh.ch\/sites\/devcc\/files\/2021\/08\/04-Cigale-et-Fourmi_Dossier-Professeur.pdf\" target=\"_blank\" rel=\"noreferrer noopener\">La cigale et la fourmi \u2013 dossier professeur<\/a><\/div>\n<\/div>\n<\/div><figure class=\"wp-block-media-text__media\"><img decoding=\"async\" src=\"https:\/\/dlf.uzh.ch\/sites\/devcc\/files\/2023\/03\/05_banner.png\" alt=\"\" class=\"wp-image-946 size-full\" \/><\/figure><\/div>\n\n\n\n<hr class=\"wp-block-separator has-alpha-channel-opacity is-style-wide\" \/>\n\n\n\n<div class=\"wp-block-media-text alignwide has-media-on-the-right is-stacked-on-mobile\" style=\"padding-top:var(--wp--preset--spacing--30);grid-template-columns:auto 39%\"><div class=\"wp-block-media-text__content\">\n<p><\/p>\n\n\n\n<div class=\"wp-block-buttons is-layout-flex wp-block-buttons-is-layout-flex\">\n<div class=\"wp-block-button has-custom-width wp-block-button__width-100 has-custom-font-size is-style-outline has-small-font-size\"><a class=\"wp-block-button__link has-accent-color has-text-color wp-element-button\" href=\"https:\/\/dlf.uzh.ch\/sites\/devcc\/files\/2021\/08\/05-Che\u0302ne-et-Roseau_Dossier-E\u0301le\u0300ves-1.pdf\" target=\"_blank\" rel=\"noreferrer noopener\">Le ch\u00eane et le roseau \u2013 dossier \u00e9l\u00e8ves<\/a><\/div>\n<\/div>\n\n\n\n<div class=\"wp-block-buttons is-layout-flex wp-block-buttons-is-layout-flex\">\n<div class=\"wp-block-button has-custom-width wp-block-button__width-100 has-custom-font-size is-style-outline has-small-font-size\"><a class=\"wp-block-button__link has-accent-color has-text-color wp-element-button\" href=\"https:\/\/dlf.uzh.ch\/sites\/devcc\/files\/2021\/08\/05-Che\u0302ne-et-Roseau_Dossier-Professeur.pdf\" target=\"_blank\" rel=\"noreferrer noopener\">Le ch\u00eane et le roseau \u2013 dossier professeur<\/a><\/div>\n<\/div>\n<\/div><figure class=\"wp-block-media-text__media\"><img decoding=\"async\" src=\"https:\/\/dlf.uzh.ch\/sites\/devcc\/files\/2023\/03\/04_banner.png\" alt=\"\" class=\"wp-image-947 size-full\" \/><\/figure><\/div>\n\n\n\n<hr class=\"wp-block-separator has-alpha-channel-opacity is-style-wide\" \/>\n\n\n\n<div class=\"wp-block-media-text alignwide has-media-on-the-right is-stacked-on-mobile\" style=\"padding-top:var(--wp--preset--spacing--30);grid-template-columns:auto 39%\"><div class=\"wp-block-media-text__content\">\n<p><\/p>\n\n\n\n<div class=\"wp-block-buttons is-layout-flex wp-block-buttons-is-layout-flex\">\n<div class=\"wp-block-button has-custom-width wp-block-button__width-100 has-custom-font-size is-style-outline has-small-font-size\"><a class=\"wp-block-button__link has-accent-color has-text-color wp-element-button\" href=\"https:\/\/dlf.uzh.ch\/sites\/devcc\/files\/2021\/08\/06-PROJET-FABLES.pdf\" target=\"_blank\" rel=\"noreferrer noopener\">Projet Fables<\/a><\/div>\n<\/div>\n<\/div><figure class=\"wp-block-media-text__media\"><img decoding=\"async\" src=\"https:\/\/dlf.uzh.ch\/sites\/devcc\/files\/2023\/03\/03_banner.png\" alt=\"\" class=\"wp-image-948 size-full\" \/><\/figure><\/div>\n\n\n\n<hr class=\"wp-block-separator has-alpha-channel-opacity is-style-wide\" \/>\n\n\n\n<div class=\"wp-block-media-text alignwide has-media-on-the-right is-stacked-on-mobile\" style=\"padding-top:var(--wp--preset--spacing--30);grid-template-columns:auto 39%\"><div class=\"wp-block-media-text__content\">\n<p><\/p>\n\n\n\n<div class=\"wp-block-buttons is-layout-flex wp-block-buttons-is-layout-flex\">\n<div class=\"wp-block-button has-custom-width wp-block-button__width-100 has-custom-font-size is-style-outline has-small-font-size\"><a class=\"wp-block-button__link has-accent-color has-text-color wp-element-button\" href=\"https:\/\/dlf.uzh.ch\/sites\/devcc\/files\/2021\/08\/07-Lecture-Rei\u0300citation.pdf\" target=\"_blank\" rel=\"noreferrer noopener\">Lecture et r\u00e9citation<\/a><\/div>\n<\/div>\n<\/div><figure class=\"wp-block-media-text__media\"><img decoding=\"async\" src=\"https:\/\/dlf.uzh.ch\/sites\/devcc\/files\/2023\/03\/02_banner.png\" alt=\"\" class=\"wp-image-949 size-full\" \/><\/figure><\/div>\n","protected":false},"excerpt":{"rendered":"<p>Nous vous proposons ici un dossier p\u00e9dagogique sur les Fables de Jean de La Fontaine. Ce dossier a \u00e9t\u00e9 cr\u00e9\u00e9 par Prof. Dr. Ursula B\u00e4hler et Pascale Palm-Leblanc.<span class=\"more-link\"><a href=\"https:\/\/dlftest.uzh.ch\/sites\/cultcomm\/2021\/08\/23\/fourmi-ou-cigale-chene-ou-roseau-le-monde-fabuleux-de-jean-de-la-fontaine-2\/\">Read More &rarr;<\/a><\/span><\/p>\n","protected":false},"author":1,"featured_media":601,"comment_status":"closed","ping_status":"closed","sticky":false,"template":"","format":"standard","meta":{"_uag_custom_page_level_css":"","footnotes":""},"categories":[2],"tags":[],"uagb_featured_image_src":{"full":false,"thumbnail":false,"medium":false,"medium_large":false,"large":false,"1536x1536":false,"2048x2048":false,"hoot-medium-thumb":false,"hoot-preview":false,"hoot-large-thumb":false,"hoot-preview-large":false,"hoot-wide":false,"hoot-extra-wide":false},"uagb_author_info":{"display_name":"admin","author_link":"https:\/\/dlftest.uzh.ch\/sites\/cultcomm\/author\/admin\/"},"uagb_comment_info":0,"uagb_excerpt":"Nous vous proposons ici un dossier p\u00e9dagogique sur les Fables de Jean de La Fontaine. Ce dossier a \u00e9t\u00e9 cr\u00e9\u00e9 par Prof. Dr. Ursula B\u00e4hler et Pascale Palm-Leblanc.Read More &rarr;","_links":{"self":[{"href":"https:\/\/dlftest.uzh.ch\/sites\/cultcomm\/wp-json\/wp\/v2\/posts\/927"}],"collection":[{"href":"https:\/\/dlftest.uzh.ch\/sites\/cultcomm\/wp-json\/wp\/v2\/posts"}],"about":[{"href":"https:\/\/dlftest.uzh.ch\/sites\/cultcomm\/wp-json\/wp\/v2\/types\/post"}],"author":[{"embeddable":true,"href":"https:\/\/dlftest.uzh.ch\/sites\/cultcomm\/wp-json\/wp\/v2\/users\/1"}],"replies":[{"embeddable":true,"href":"https:\/\/dlftest.uzh.ch\/sites\/cultcomm\/wp-json\/wp\/v2\/comments?post=927"}],"version-history":[{"count":0,"href":"https:\/\/dlftest.uzh.ch\/sites\/cultcomm\/wp-json\/wp\/v2\/posts\/927\/revisions"}],"wp:featuredmedia":[{"embeddable":true,"href":"https:\/\/dlftest.uzh.ch\/sites\/cultcomm\/wp-json\/"}],"wp:attachment":[{"href":"https:\/\/dlftest.uzh.ch\/sites\/cultcomm\/wp-json\/wp\/v2\/media?parent=927"}],"wp:term":[{"taxonomy":"category","embeddable":true,"href":"https:\/\/dlftest.uzh.ch\/sites\/cultcomm\/wp-json\/wp\/v2\/categories?post=927"},{"taxonomy":"post_tag","embeddable":true,"href":"https:\/\/dlftest.uzh.ch\/sites\/cultcomm\/wp-json\/wp\/v2\/tags?post=927"}],"curies":[{"name":"wp","href":"https:\/\/api.w.org\/{rel}","templated":true}]}}