{"id":922,"date":"2021-07-19T10:25:58","date_gmt":"2021-07-19T10:25:58","guid":{"rendered":"https:\/\/dlf.uzh.ch\/sites\/devcc\/?p=922"},"modified":"2021-07-19T10:25:58","modified_gmt":"2021-07-19T10:25:58","slug":"litterature-contemporaine-de-suisse-romande","status":"publish","type":"post","link":"https:\/\/dlftest.uzh.ch\/sites\/cultcomm\/2021\/07\/19\/litterature-contemporaine-de-suisse-romande\/","title":{"rendered":"Litt\u00e9rature contemporaine de Suisse romande"},"content":{"rendered":"\n<p>Les vid\u00e9os et dossiers scientifiques que l\u2019on d\u00e9couvrira ici sont issus d\u2019un s\u00e9minaire de BA propos\u00e9 par Ursula B\u00e4hler et Marie Burkhardt au semestre de printemps 2021. Ils s\u2019adressent particuli\u00e8rement aux \u00e9tudiant\u00b7e\u00b7s en litt\u00e9rature fran\u00e7aise ainsi qu\u2019\u00e0 toute personne int\u00e9ress\u00e9e par la litt\u00e9rature romande.<\/p>\n\n\n\n<h2 class=\"wp-block-heading\">Joseph Incardona<\/h2>\n\n\n\n<p class=\"has-small-font-size\"><em>par S. F.<\/em><\/p>\n\n\n\n\n\n\n\n<p>Cette vid\u00e9o propose une analyse du livre\u00a0<em>Derri\u00e8re les panneaux<\/em>,\u00a0<em>il y a des hommes<\/em>\u00a0de\u00a0Joseph Incardona, paru en 2015.<\/p>\n\n\n\n<p>Vous trouverez ci-dessous un entretien r\u00e9alis\u00e9 avec l\u2019auteur.<\/p>\n\n\n\n<div class=\"wp-block-buttons is-layout-flex wp-block-buttons-is-layout-flex\">\n<div class=\"wp-block-button has-custom-width wp-block-button__width-25 has-custom-font-size is-style-outline has-small-font-size\"><a class=\"wp-block-button__link has-accent-color has-text-color wp-element-button\" href=\"https:\/\/dlf.uzh.ch\/sites\/devcc\/files\/2023\/04\/Entretien-Joseph-Incardona.pdf\" target=\"_blank\" rel=\"noreferrer noopener\">Dossier<\/a><\/div>\n<\/div>\n\n\n\n<h2 class=\"wp-block-heading\">Bruno Pellegrino<\/h2>\n\n\n\n<p class=\"has-small-font-size\"><em>par Z\u00e9lie Stauffer<\/em><\/p>\n\n\n\n\n\n\n\n<p>Cette vid\u00e9o propose une analyse du livre <em>Dans la ville provisoire<\/em> de Bruno Pellegrino, paru en 2021, en suivant un axe de lecture in\u00e9dit: le retour des sir\u00e8nes.<\/p>\n\n\n\n<div class=\"wp-block-buttons is-layout-flex wp-block-buttons-is-layout-flex\">\n<div class=\"wp-block-button has-custom-width wp-block-button__width-25 has-custom-font-size is-style-outline has-small-font-size\"><a class=\"wp-block-button__link has-accent-color has-text-color wp-element-button\">Dossier p\u00e9dagogique<\/a><\/div>\n<\/div>\n","protected":false},"excerpt":{"rendered":"<p>Les vid\u00e9os et dossiers scientifiques que l\u2019on d\u00e9couvrira ici sont issus d\u2019un s\u00e9minaire de BA propos\u00e9 par Ursula B\u00e4hler et Marie Burkhardt au semestre de printemps 2021.<span class=\"more-link\"><a href=\"https:\/\/dlftest.uzh.ch\/sites\/cultcomm\/2021\/07\/19\/litterature-contemporaine-de-suisse-romande\/\">Read More &rarr;<\/a><\/span><\/p>\n","protected":false},"author":1,"featured_media":474,"comment_status":"closed","ping_status":"closed","sticky":false,"template":"","format":"standard","meta":{"_uag_custom_page_level_css":"","footnotes":""},"categories":[2,8],"tags":[],"uagb_featured_image_src":{"full":false,"thumbnail":false,"medium":false,"medium_large":false,"large":false,"1536x1536":false,"2048x2048":false,"hoot-medium-thumb":false,"hoot-preview":false,"hoot-large-thumb":false,"hoot-preview-large":false,"hoot-wide":false,"hoot-extra-wide":false},"uagb_author_info":{"display_name":"admin","author_link":"https:\/\/dlftest.uzh.ch\/sites\/cultcomm\/author\/admin\/"},"uagb_comment_info":0,"uagb_excerpt":"Les vid\u00e9os et dossiers scientifiques que l\u2019on d\u00e9couvrira ici sont issus d\u2019un s\u00e9minaire de BA propos\u00e9 par Ursula B\u00e4hler et Marie Burkhardt au semestre de printemps 2021.Read More &rarr;","_links":{"self":[{"href":"https:\/\/dlftest.uzh.ch\/sites\/cultcomm\/wp-json\/wp\/v2\/posts\/922"}],"collection":[{"href":"https:\/\/dlftest.uzh.ch\/sites\/cultcomm\/wp-json\/wp\/v2\/posts"}],"about":[{"href":"https:\/\/dlftest.uzh.ch\/sites\/cultcomm\/wp-json\/wp\/v2\/types\/post"}],"author":[{"embeddable":true,"href":"https:\/\/dlftest.uzh.ch\/sites\/cultcomm\/wp-json\/wp\/v2\/users\/1"}],"replies":[{"embeddable":true,"href":"https:\/\/dlftest.uzh.ch\/sites\/cultcomm\/wp-json\/wp\/v2\/comments?post=922"}],"version-history":[{"count":0,"href":"https:\/\/dlftest.uzh.ch\/sites\/cultcomm\/wp-json\/wp\/v2\/posts\/922\/revisions"}],"wp:featuredmedia":[{"embeddable":true,"href":"https:\/\/dlftest.uzh.ch\/sites\/cultcomm\/wp-json\/"}],"wp:attachment":[{"href":"https:\/\/dlftest.uzh.ch\/sites\/cultcomm\/wp-json\/wp\/v2\/media?parent=922"}],"wp:term":[{"taxonomy":"category","embeddable":true,"href":"https:\/\/dlftest.uzh.ch\/sites\/cultcomm\/wp-json\/wp\/v2\/categories?post=922"},{"taxonomy":"post_tag","embeddable":true,"href":"https:\/\/dlftest.uzh.ch\/sites\/cultcomm\/wp-json\/wp\/v2\/tags?post=922"}],"curies":[{"name":"wp","href":"https:\/\/api.w.org\/{rel}","templated":true}]}}