{"id":883,"date":"2022-05-17T12:30:49","date_gmt":"2022-05-17T12:30:49","guid":{"rendered":"https:\/\/dlf.uzh.ch\/sites\/devcc\/?p=883"},"modified":"2022-05-17T12:30:49","modified_gmt":"2022-05-17T12:30:49","slug":"le-plurilinguisme-suisse-sur-le-banc-dessai","status":"publish","type":"post","link":"https:\/\/dlftest.uzh.ch\/sites\/cultcomm\/2022\/05\/17\/le-plurilinguisme-suisse-sur-le-banc-dessai\/","title":{"rendered":"Le plurilinguisme suisse sur le banc d\u2019essai"},"content":{"rendered":"\n<p>Les interventions accessibles ici ont \u00e9t\u00e9 enregistr\u00e9es le 12 mars 2021 lors d\u2019une rencontre organis\u00e9e par le <em>Romanisches Seminar<\/em> en collaboration avec le <em>Collegium Romanicum<\/em> sur le th\u00e8me du plurilinguisme en Suisse. L\u2019argumentaire se lira dans le d\u00e9pliant ici m\u00eame.<\/p>\n\n\n\n<div class=\"wp-block-buttons is-layout-flex wp-block-buttons-is-layout-flex\">\n<div class=\"wp-block-button has-custom-width wp-block-button__width-25 is-style-outline\"><a class=\"wp-block-button__link has-accent-color has-text-color wp-element-button\" href=\"https:\/\/dlf.uzh.ch\/sites\/devcc\/files\/2021\/05\/Plurilinguisme_12_13_3.pdf\" target=\"_blank\" rel=\"noreferrer noopener\">\u2913 D\u00e9pliant<\/a><\/div>\n<\/div>\n\n\n\n<h1 class=\"wp-block-heading\">Vid\u00e9os<\/h1>\n\n\n\n<hr class=\"wp-block-separator has-alpha-channel-opacity is-style-wide\" \/>\n\n\n\n<div class=\"wp-block-columns is-layout-flex wp-container-core-columns-layout-1 wp-block-columns-is-layout-flex\">\n<div class=\"wp-block-column is-layout-flow wp-block-column-is-layout-flow\">\n<div class=\"wp-block-group is-layout-constrained wp-block-group-is-layout-constrained\"><div class=\"wp-block-group__inner-container\">\n<div class=\"wp-block-group is-layout-constrained wp-block-group-is-layout-constrained\"><div class=\"wp-block-group__inner-container\">\n<h2 class=\"wp-block-heading\">Les langues du pouvoir. R\u00e9flexions sur le mod\u00e8le suisse \u00e0 partir de l\u2019administration f\u00e9d\u00e9rale<\/h2>\n<\/div><\/div>\n\n\n\n<p>par Daniel K\u00fcbler<\/p>\n\n\n\n\n<\/div><\/div>\n<\/div>\n\n\n\n<div class=\"wp-block-column is-layout-flow wp-block-column-is-layout-flow\">\n<h2 class=\"wp-block-heading\">Mehrsprachigkeit: Untersch\u00e4tztes Machtinstrument im eidgen\u00f6ssischen Parlament<\/h2>\n\n\n\n<p>Barbara Schmid-Federer<\/p>\n\n\n\n\n<\/div>\n<\/div>\n\n\n\n<div class=\"wp-block-columns is-layout-flex wp-container-core-columns-layout-2 wp-block-columns-is-layout-flex\">\n<div class=\"wp-block-column is-layout-flow wp-block-column-is-layout-flow\">\n<h2 class=\"wp-block-heading\">Wird die Mehrsprachigkeit in der Schweizer Wirtschaft noch gelebt?<\/h2>\n\n\n\n<p>par Monika R\u00fchl<\/p>\n\n\n\n\n<\/div>\n\n\n\n<div class=\"wp-block-column is-layout-flow wp-block-column-is-layout-flow\">\n<h2 class=\"wp-block-heading\">Ein Pl\u00e4doyer f\u00fcr die Mehrsprachigkeit (auch) in der Wissenschaft<\/h2>\n\n\n\n<p>par Peter Fr\u00f6hlicher<\/p>\n\n\n\n\n<\/div>\n<\/div>\n\n\n\n<div class=\"wp-block-columns is-layout-flex wp-container-core-columns-layout-3 wp-block-columns-is-layout-flex\">\n<div class=\"wp-block-column is-layout-flow wp-block-column-is-layout-flow\">\n<h2 class=\"wp-block-heading\">Des vertus de la diversit\u00e9<\/h2>\n\n\n\n<p>par Ursula B\u00e4hler<\/p>\n\n\n\n\n<\/div>\n\n\n\n<div class=\"wp-block-column is-layout-flow wp-block-column-is-layout-flow\">\n<h2 class=\"wp-block-heading\">Et si les \u00e9l\u00e8ves aimaient le fran\u00e7ais ?<\/h2>\n\n\n\n<p>par Cl\u00e9ment Z\u00fcrn<\/p>\n\n\n\n\n<\/div>\n<\/div>\n\n\n\n<div class=\"wp-block-columns is-layout-flex wp-container-core-columns-layout-4 wp-block-columns-is-layout-flex\">\n<div class=\"wp-block-column is-layout-flow wp-block-column-is-layout-flow\">\n<h2 class=\"wp-block-heading\">Enseignement du fran\u00e7ais langue \u00e9trang\u00e8re: Litt\u00e9rature et \u2018plurigrammaticalisme\u2019 dans un cadre plurilingue<\/h2>\n\n\n\n<p>par Harald V\u00f6lker, Marie Burkhardt et Elisabeth Stark<\/p>\n\n\n\n\n<\/div>\n\n\n\n<div class=\"wp-block-column is-layout-flow wp-block-column-is-layout-flow\">\n<h2 class=\"wp-block-heading\" style=\"padding-top:0;padding-right:0;padding-bottom:0;padding-left:0\">Jusqu\u2019ici tout va bien<\/h2>\n\n\n\n<p style=\"padding-bottom:5.5rem\">par Gabriela Ochsner Jannibelli<\/p>\n\n\n\n\n<\/div>\n<\/div>\n\n\n\n<div class=\"wp-block-columns is-layout-flex wp-container-core-columns-layout-5 wp-block-columns-is-layout-flex\">\n<div class=\"wp-block-column is-layout-flow wp-block-column-is-layout-flow\">\n<h2 class=\"wp-block-heading\">Le trait distinctif<\/h2>\n\n\n\n<p>par Martin Zimmermann<\/p>\n\n\n\n\n<\/div>\n\n\n\n<div class=\"wp-block-column is-layout-flow wp-block-column-is-layout-flow\">\n<h2 class=\"wp-block-heading\">Cl\u00f4ture et perspectives<\/h2>\n\n\n\n<p>par Nicole Bandion et Niklaus Schatzmann<\/p>\n\n\n\n\n<\/div>\n<\/div>\n","protected":false},"excerpt":{"rendered":"<p>Les interventions accessibles ici ont \u00e9t\u00e9 enregistr\u00e9es le 12 mars 2021 lors d\u2019une rencontre organis\u00e9e par le Romanisches Seminar en collaboration avec le Collegium Romanicum sur le th\u00e8me du plurilinguisme en Suisse.<span class=\"more-link\"><a href=\"https:\/\/dlftest.uzh.ch\/sites\/cultcomm\/2022\/05\/17\/le-plurilinguisme-suisse-sur-le-banc-dessai\/\">Read More &rarr;<\/a><\/span><\/p>\n","protected":false},"author":1,"featured_media":383,"comment_status":"open","ping_status":"open","sticky":false,"template":"","format":"standard","meta":{"_uag_custom_page_level_css":"","footnotes":""},"categories":[6,8],"tags":[],"uagb_featured_image_src":{"full":false,"thumbnail":false,"medium":false,"medium_large":false,"large":false,"1536x1536":false,"2048x2048":false,"hoot-medium-thumb":false,"hoot-preview":false,"hoot-large-thumb":false,"hoot-preview-large":false,"hoot-wide":false,"hoot-extra-wide":false},"uagb_author_info":{"display_name":"admin","author_link":"https:\/\/dlftest.uzh.ch\/sites\/cultcomm\/author\/admin\/"},"uagb_comment_info":1,"uagb_excerpt":"Les interventions accessibles ici ont \u00e9t\u00e9 enregistr\u00e9es le 12 mars 2021 lors d\u2019une rencontre organis\u00e9e par le Romanisches Seminar en collaboration avec le Collegium Romanicum sur le th\u00e8me du plurilinguisme en Suisse.Read More &rarr;","_links":{"self":[{"href":"https:\/\/dlftest.uzh.ch\/sites\/cultcomm\/wp-json\/wp\/v2\/posts\/883"}],"collection":[{"href":"https:\/\/dlftest.uzh.ch\/sites\/cultcomm\/wp-json\/wp\/v2\/posts"}],"about":[{"href":"https:\/\/dlftest.uzh.ch\/sites\/cultcomm\/wp-json\/wp\/v2\/types\/post"}],"author":[{"embeddable":true,"href":"https:\/\/dlftest.uzh.ch\/sites\/cultcomm\/wp-json\/wp\/v2\/users\/1"}],"replies":[{"embeddable":true,"href":"https:\/\/dlftest.uzh.ch\/sites\/cultcomm\/wp-json\/wp\/v2\/comments?post=883"}],"version-history":[{"count":0,"href":"https:\/\/dlftest.uzh.ch\/sites\/cultcomm\/wp-json\/wp\/v2\/posts\/883\/revisions"}],"wp:featuredmedia":[{"embeddable":true,"href":"https:\/\/dlftest.uzh.ch\/sites\/cultcomm\/wp-json\/"}],"wp:attachment":[{"href":"https:\/\/dlftest.uzh.ch\/sites\/cultcomm\/wp-json\/wp\/v2\/media?parent=883"}],"wp:term":[{"taxonomy":"category","embeddable":true,"href":"https:\/\/dlftest.uzh.ch\/sites\/cultcomm\/wp-json\/wp\/v2\/categories?post=883"},{"taxonomy":"post_tag","embeddable":true,"href":"https:\/\/dlftest.uzh.ch\/sites\/cultcomm\/wp-json\/wp\/v2\/tags?post=883"}],"curies":[{"name":"wp","href":"https:\/\/api.w.org\/{rel}","templated":true}]}}