{"id":1014,"date":"2023-03-29T13:00:22","date_gmt":"2023-03-29T13:00:22","guid":{"rendered":"https:\/\/dlf.uzh.ch\/sites\/devcc\/?p=1014"},"modified":"2023-03-29T13:00:22","modified_gmt":"2023-03-29T13:00:22","slug":"ecouter-et-discuter","status":"publish","type":"post","link":"https:\/\/dlftest.uzh.ch\/sites\/cultcomm\/2023\/03\/29\/ecouter-et-discuter\/","title":{"rendered":"\u00c9couter et discuter"},"content":{"rendered":"\n<p><strong>Nos \u00e9v\u00e9nements ouverts \u00e0 tout public<\/strong><\/p>\n\n\n\n<p><strong>Colloques et conf\u00e9rences<\/strong><\/p>\n\n\n\n<p>07\/10\/22-08\/10\/22<\/p>\n\n\n\n<p><strong>Journ\u00e9e d\u2019\u00e9tudes proustiennes \u00abLes mondes d\u00e9sorbit\u00e9s\u00bb: lire Proust aujourd\u2019hui<\/strong><\/p>\n\n\n\n<p>Cette journ\u00e9e d\u2019\u00e9tudes r\u00e9unit des chercheuses et chercheurs qui, d\u00e9butant.e.s ou avanc\u00e9.e.s, proposent un \u00e9clairage contemporain sur <em>\u00c0 la Recherche du temps perdu<\/em>.<\/p>\n\n\n\n<p><a href=\"https:\/\/uzh-5.dmanalytics2.com\/click?u=https%3A%2F%2Fwww.rose.uzh.ch%2Fdam%2Fjcr%3A1bec9723-829c-4fe1-854b-0917a96d4856%2FProgramme%2520vs%25202.pdf&amp;i=2&amp;d=I92ansTCSBWAeahLR4IyIA&amp;e=charlot%40zinsli.ch&amp;a=4gWttn_QQPuVZ2gHgFHPRw&amp;s=mKkW5Mn82cg\" target=\"_blank\" rel=\"noreferrer noopener\">\u279c <strong>En savoir plus<\/strong><\/a><\/p>\n","protected":false},"excerpt":{"rendered":"<p>Nos \u00e9v\u00e9nements ouverts \u00e0 tout public Colloques et conf\u00e9rences 07\/10\/22-08\/10\/22 Journ\u00e9e d\u2019\u00e9tudes proustiennes \u00abLes mondes d\u00e9sorbit\u00e9s\u00bb: lire Proust aujourd\u2019hui Cette journ\u00e9e d\u2019\u00e9tudes r\u00e9unit des chercheuses et chercheurs qui, d\u00e9butant.e.s ou avanc\u00e9.e.s, proposent un \u00e9clairage contemporain sur \u00c0 la Recherche du temps perdu. \u279c En savoir plus<span class=\"more-link\"><a href=\"https:\/\/dlftest.uzh.ch\/sites\/cultcomm\/2023\/03\/29\/ecouter-et-discuter\/\">Read More &rarr;<\/a><\/span><\/p>\n","protected":false},"author":1,"featured_media":0,"comment_status":"closed","ping_status":"closed","sticky":false,"template":"","format":"standard","meta":{"_uag_custom_page_level_css":"","footnotes":""},"categories":[9],"tags":[],"uagb_featured_image_src":{"full":false,"thumbnail":false,"medium":false,"medium_large":false,"large":false,"1536x1536":false,"2048x2048":false,"hoot-medium-thumb":false,"hoot-preview":false,"hoot-large-thumb":false,"hoot-preview-large":false,"hoot-wide":false,"hoot-extra-wide":false},"uagb_author_info":{"display_name":"admin","author_link":"https:\/\/dlftest.uzh.ch\/sites\/cultcomm\/author\/admin\/"},"uagb_comment_info":0,"uagb_excerpt":"Nos \u00e9v\u00e9nements ouverts \u00e0 tout public Colloques et conf\u00e9rences 07\/10\/22-08\/10\/22 Journ\u00e9e d\u2019\u00e9tudes proustiennes \u00abLes mondes d\u00e9sorbit\u00e9s\u00bb: lire Proust aujourd\u2019hui Cette journ\u00e9e d\u2019\u00e9tudes r\u00e9unit des chercheuses et chercheurs qui, d\u00e9butant.e.s ou avanc\u00e9.e.s, proposent un \u00e9clairage contemporain sur \u00c0 la Recherche du temps perdu. \u279c En savoir plusRead More &rarr;","_links":{"self":[{"href":"https:\/\/dlftest.uzh.ch\/sites\/cultcomm\/wp-json\/wp\/v2\/posts\/1014"}],"collection":[{"href":"https:\/\/dlftest.uzh.ch\/sites\/cultcomm\/wp-json\/wp\/v2\/posts"}],"about":[{"href":"https:\/\/dlftest.uzh.ch\/sites\/cultcomm\/wp-json\/wp\/v2\/types\/post"}],"author":[{"embeddable":true,"href":"https:\/\/dlftest.uzh.ch\/sites\/cultcomm\/wp-json\/wp\/v2\/users\/1"}],"replies":[{"embeddable":true,"href":"https:\/\/dlftest.uzh.ch\/sites\/cultcomm\/wp-json\/wp\/v2\/comments?post=1014"}],"version-history":[{"count":0,"href":"https:\/\/dlftest.uzh.ch\/sites\/cultcomm\/wp-json\/wp\/v2\/posts\/1014\/revisions"}],"wp:attachment":[{"href":"https:\/\/dlftest.uzh.ch\/sites\/cultcomm\/wp-json\/wp\/v2\/media?parent=1014"}],"wp:term":[{"taxonomy":"category","embeddable":true,"href":"https:\/\/dlftest.uzh.ch\/sites\/cultcomm\/wp-json\/wp\/v2\/categories?post=1014"},{"taxonomy":"post_tag","embeddable":true,"href":"https:\/\/dlftest.uzh.ch\/sites\/cultcomm\/wp-json\/wp\/v2\/tags?post=1014"}],"curies":[{"name":"wp","href":"https:\/\/api.w.org\/{rel}","templated":true}]}}