{"id":1008,"date":"2023-03-29T12:48:02","date_gmt":"2023-03-29T12:48:02","guid":{"rendered":"https:\/\/dlf.uzh.ch\/sites\/devcc\/?p=1008"},"modified":"2023-03-29T12:48:02","modified_gmt":"2023-03-29T12:48:02","slug":"roman-poesie-theatre-les-genres-litteraires-hier-et-aujourdhui","status":"publish","type":"post","link":"https:\/\/dlftest.uzh.ch\/sites\/cultcomm\/2023\/03\/29\/roman-poesie-theatre-les-genres-litteraires-hier-et-aujourdhui\/","title":{"rendered":"Roman \u2013 Po\u00e9sie \u2013 Th\u00e9\u00e2tre\u2026 les genres litt\u00e9raires hier et aujourd\u2019hui"},"content":{"rendered":"\n<p>Ce cycle de conf\u00e9rences est organis\u00e9 par le d\u00e9partement de litt\u00e9rature fran\u00e7aise, une fois par mois pendant le semestre universitaire et a lieu au b\u00e2timent principal de l\u2019universit\u00e9, \u00e0 18h15.<\/p>\n\n\n\n<p>Certain.e.s intervenant.e.s nous autorisent \u00e0 enregistrer leurs conf\u00e9rences et \u00e0 les mettre \u00e0 disposition du public.<\/p>\n\n\n\n<p><a href=\"https:\/\/www.rose.uzh.ch\/de\/forschung\/forschungamrose\/kongresse\/Genreslitt\u00e9raireshieretaujourd-hui.html\">En savoir plus<\/a><\/p>\n\n\n\n<h2 class=\"wp-block-heading\">Dominique Massonnaud \u2013 La Com\u00e9die humaine, gen\u00e8se et enjeux d\u2019un processus de repr\u00e9sentation novateur<\/h2>\n\n\n\n\n\n\n\n<h2 class=\"wp-block-heading\">Thomas Hunkeler \u2013 Mauvais genre? Les genres litt\u00e9raires \u00e0 l\u2019\u00e9preuve des avant-gardes<\/h2>\n\n\n\n\n\n\n\n<h2 class=\"wp-block-heading\">Alexandre Gefen \u2013\u00a0les genres litt\u00e9raires du contemporain: Une tentative de cartographie<\/h2>\n\n\n\n\n","protected":false},"excerpt":{"rendered":"<p>Ce cycle de conf\u00e9rences est organis\u00e9 par le d\u00e9partement de litt\u00e9rature fran\u00e7aise, une fois par mois pendant le semestre universitaire et a lieu au b\u00e2timent principal de l\u2019universit\u00e9, \u00e0 18h15.<span class=\"more-link\"><a href=\"https:\/\/dlftest.uzh.ch\/sites\/cultcomm\/2023\/03\/29\/roman-poesie-theatre-les-genres-litteraires-hier-et-aujourdhui\/\">Read More &rarr;<\/a><\/span><\/p>\n","protected":false},"author":1,"featured_media":825,"comment_status":"closed","ping_status":"closed","sticky":false,"template":"","format":"standard","meta":{"_uag_custom_page_level_css":"","footnotes":""},"categories":[8],"tags":[],"uagb_featured_image_src":{"full":false,"thumbnail":false,"medium":false,"medium_large":false,"large":false,"1536x1536":false,"2048x2048":false,"hoot-medium-thumb":false,"hoot-preview":false,"hoot-large-thumb":false,"hoot-preview-large":false,"hoot-wide":false,"hoot-extra-wide":false},"uagb_author_info":{"display_name":"admin","author_link":"https:\/\/dlftest.uzh.ch\/sites\/cultcomm\/author\/admin\/"},"uagb_comment_info":0,"uagb_excerpt":"Ce cycle de conf\u00e9rences est organis\u00e9 par le d\u00e9partement de litt\u00e9rature fran\u00e7aise, une fois par mois pendant le semestre universitaire et a lieu au b\u00e2timent principal de l\u2019universit\u00e9, \u00e0 18h15.Read More &rarr;","_links":{"self":[{"href":"https:\/\/dlftest.uzh.ch\/sites\/cultcomm\/wp-json\/wp\/v2\/posts\/1008"}],"collection":[{"href":"https:\/\/dlftest.uzh.ch\/sites\/cultcomm\/wp-json\/wp\/v2\/posts"}],"about":[{"href":"https:\/\/dlftest.uzh.ch\/sites\/cultcomm\/wp-json\/wp\/v2\/types\/post"}],"author":[{"embeddable":true,"href":"https:\/\/dlftest.uzh.ch\/sites\/cultcomm\/wp-json\/wp\/v2\/users\/1"}],"replies":[{"embeddable":true,"href":"https:\/\/dlftest.uzh.ch\/sites\/cultcomm\/wp-json\/wp\/v2\/comments?post=1008"}],"version-history":[{"count":0,"href":"https:\/\/dlftest.uzh.ch\/sites\/cultcomm\/wp-json\/wp\/v2\/posts\/1008\/revisions"}],"wp:featuredmedia":[{"embeddable":true,"href":"https:\/\/dlftest.uzh.ch\/sites\/cultcomm\/wp-json\/"}],"wp:attachment":[{"href":"https:\/\/dlftest.uzh.ch\/sites\/cultcomm\/wp-json\/wp\/v2\/media?parent=1008"}],"wp:term":[{"taxonomy":"category","embeddable":true,"href":"https:\/\/dlftest.uzh.ch\/sites\/cultcomm\/wp-json\/wp\/v2\/categories?post=1008"},{"taxonomy":"post_tag","embeddable":true,"href":"https:\/\/dlftest.uzh.ch\/sites\/cultcomm\/wp-json\/wp\/v2\/tags?post=1008"}],"curies":[{"name":"wp","href":"https:\/\/api.w.org\/{rel}","templated":true}]}}