{"id":1003,"date":"2023-03-29T12:42:59","date_gmt":"2023-03-29T12:42:59","guid":{"rendered":"https:\/\/dlf.uzh.ch\/sites\/devcc\/?p=1003"},"modified":"2023-03-29T12:42:59","modified_gmt":"2023-03-29T12:42:59","slug":"le-collectif-naceo","status":"publish","type":"post","link":"https:\/\/dlftest.uzh.ch\/sites\/cultcomm\/2023\/03\/29\/le-collectif-naceo\/","title":{"rendered":"Le collectif Nac\u00e9o"},"content":{"rendered":"\n<p><em>Zo\u00e9 Rochat et Jing Rochman<\/em><\/p>\n\n\n\n\n\n\n\n<p>Dans le cadre du module \u00ab&nbsp;R\u00e9alisation d\u2019un projet pratique&nbsp;\u00bb (ann\u00e9e universitaire 2022\/2023), nous avons r\u00e9alis\u00e9, entre autres, une courte vid\u00e9o de promotion sur le&nbsp;collectif de th\u00e9\u00e2tre Nac\u00e9o, fond\u00e9&nbsp;en 2006&nbsp;par Olivier Sanquer.<\/p>\n\n\n\n<p>Sur l\u2019invitation d\u2019Aux Arts etc., la compagnie a mont\u00e9 deux spectacles superbes dans les locaux du Theater Stok&nbsp;:&nbsp;<em>Rom\u00e9o et Juliette<\/em>, dans une adaptation de Numa Vittoz, et&nbsp;<em>Tom \u00e0 la ferme<\/em>&nbsp;de Michel Marc Bouchard. Si le premier est un&nbsp;<em>cross-over<\/em>&nbsp;merveilleux de&nbsp;<em>Rom\u00e9o et Juliette<\/em>&nbsp;et du&nbsp;<em>Songe d\u2019une nuit d\u2019\u00e9t\u00e9<\/em>&nbsp;pour deux acteurs, le deuxi\u00e8me est quant \u00e0 lui un v\u00e9ritable coup de poing&nbsp;: deuil, souffrance, mensonges.&nbsp;Quatre protagonistes dans l\u2019obscurit\u00e9 presque totale. Un thriller psychologique qui explore les relations humaines quand elles sont pouss\u00e9es \u00e0 l\u2019extr\u00eame.&nbsp;Une interpr\u00e9tation poignante.<\/p>\n","protected":false},"excerpt":{"rendered":"<p>Dans le cadre du module \u00ab\u00a0R\u00e9alisation d\u2019un projet pratique\u00a0\u00bb (ann\u00e9e universitaire 2022\/2023), nous avons r\u00e9alis\u00e9, entre autres, une courte vid\u00e9o de promotion sur le\u00a0collectif de th\u00e9\u00e2tre Nac\u00e9o, fond\u00e9\u00a0en 2006\u00a0par Olivier Sanquer.<span class=\"more-link\"><a href=\"https:\/\/dlftest.uzh.ch\/sites\/cultcomm\/2023\/03\/29\/le-collectif-naceo\/\">Read More &rarr;<\/a><\/span><\/p>\n","protected":false},"author":1,"featured_media":1006,"comment_status":"closed","ping_status":"closed","sticky":false,"template":"","format":"standard","meta":{"_uag_custom_page_level_css":"","footnotes":""},"categories":[8],"tags":[],"uagb_featured_image_src":{"full":false,"thumbnail":false,"medium":false,"medium_large":false,"large":false,"1536x1536":false,"2048x2048":false,"hoot-medium-thumb":false,"hoot-preview":false,"hoot-large-thumb":false,"hoot-preview-large":false,"hoot-wide":false,"hoot-extra-wide":false},"uagb_author_info":{"display_name":"admin","author_link":"https:\/\/dlftest.uzh.ch\/sites\/cultcomm\/author\/admin\/"},"uagb_comment_info":0,"uagb_excerpt":"Dans le cadre du module \u00ab\u00a0R\u00e9alisation d\u2019un projet pratique\u00a0\u00bb (ann\u00e9e universitaire 2022\/2023), nous avons r\u00e9alis\u00e9, entre autres, une courte vid\u00e9o de promotion sur le\u00a0collectif de th\u00e9\u00e2tre Nac\u00e9o, fond\u00e9\u00a0en 2006\u00a0par Olivier Sanquer.Read More &rarr;","_links":{"self":[{"href":"https:\/\/dlftest.uzh.ch\/sites\/cultcomm\/wp-json\/wp\/v2\/posts\/1003"}],"collection":[{"href":"https:\/\/dlftest.uzh.ch\/sites\/cultcomm\/wp-json\/wp\/v2\/posts"}],"about":[{"href":"https:\/\/dlftest.uzh.ch\/sites\/cultcomm\/wp-json\/wp\/v2\/types\/post"}],"author":[{"embeddable":true,"href":"https:\/\/dlftest.uzh.ch\/sites\/cultcomm\/wp-json\/wp\/v2\/users\/1"}],"replies":[{"embeddable":true,"href":"https:\/\/dlftest.uzh.ch\/sites\/cultcomm\/wp-json\/wp\/v2\/comments?post=1003"}],"version-history":[{"count":0,"href":"https:\/\/dlftest.uzh.ch\/sites\/cultcomm\/wp-json\/wp\/v2\/posts\/1003\/revisions"}],"wp:featuredmedia":[{"embeddable":true,"href":"https:\/\/dlftest.uzh.ch\/sites\/cultcomm\/wp-json\/"}],"wp:attachment":[{"href":"https:\/\/dlftest.uzh.ch\/sites\/cultcomm\/wp-json\/wp\/v2\/media?parent=1003"}],"wp:term":[{"taxonomy":"category","embeddable":true,"href":"https:\/\/dlftest.uzh.ch\/sites\/cultcomm\/wp-json\/wp\/v2\/categories?post=1003"},{"taxonomy":"post_tag","embeddable":true,"href":"https:\/\/dlftest.uzh.ch\/sites\/cultcomm\/wp-json\/wp\/v2\/tags?post=1003"}],"curies":[{"name":"wp","href":"https:\/\/api.w.org\/{rel}","templated":true}]}}