{"id":1000,"date":"2023-03-29T12:37:30","date_gmt":"2023-03-29T12:37:30","guid":{"rendered":"https:\/\/dlf.uzh.ch\/sites\/devcc\/?p=1000"},"modified":"2023-03-29T12:37:30","modified_gmt":"2023-03-29T12:37:30","slug":"le-feminisme-vu-par-des-ecrivaines-senegalaises","status":"publish","type":"post","link":"https:\/\/dlftest.uzh.ch\/sites\/cultcomm\/2023\/03\/29\/le-feminisme-vu-par-des-ecrivaines-senegalaises\/","title":{"rendered":"Le f\u00e9minisme vu par des \u00e9crivaines s\u00e9n\u00e9galaises"},"content":{"rendered":"\n<p><em>par Salom\u00e9 Perret<\/em><\/p>\n\n\n\n<figure class=\"wp-block-embed is-type-video is-provider-youtube wp-block-embed-youtube wp-embed-aspect-16-9 wp-has-aspect-ratio\"><div class=\"wp-block-embed__wrapper\">\n<iframe loading=\"lazy\" title=\"Le f\u00e9minisme et la litt\u00e9rature\" width=\"1380\" height=\"776\" src=\"https:\/\/www.youtube.com\/embed\/MNKGQxp3Aik?feature=oembed\" frameborder=\"0\" allow=\"accelerometer; autoplay; clipboard-write; encrypted-media; gyroscope; picture-in-picture; web-share\" allowfullscreen><\/iframe>\n<\/div><\/figure>\n\n\n\n<p>Ce film a \u00e9t\u00e9 r\u00e9alis\u00e9 en rapport avec mon m\u00e9moire de Bachelor. Pendant un semestre, j\u2019ai \u00e9tudi\u00e9 \u00e0 Saint-Louis du S\u00e9n\u00e9gal o\u00f9 j\u2019ai fait des recherches sur le F\u00e9minisme Africain dans les essais d\u2019Awa Thiam, une \u00e9crivaine s\u00e9n\u00e9galaise.<\/p>\n\n\n\n<p>J\u2019y ai eu le plaisir de rencontrer des personnes fascinantes et inspirantes. Dans les nombreuses discussions, autour d\u2019un verre de th\u00e9, sur une terrasse sous les \u00e9toiles ou bien en se promenant au bord du fleuve S\u00e9n\u00e9gal, j\u2019ai pu apprendre tellement plus de choses que ce que j\u2019ai pu inclure dans mon travail scientifique. C\u2019est cela qui m\u2019a inspir\u00e9 \u00e0 r\u00e9aliser cette vid\u00e9o.<\/p>\n\n\n\n<p>Les trois femmes interview\u00e9es vivent la litt\u00e9rature, l\u2019une comme lectrice passionn\u00e9e, les autres comme cr\u00e9atrices et artistes de mots, sur sc\u00e8ne et sur papier.<\/p>\n\n\n\n<p>Ce film discute leur perception de ce qu\u2019on appelle \u00ab f\u00e9minisme \u00bb et le r\u00f4le que la litt\u00e9rature et les \u00e9crivain(e)s jouent dans de tels mouvements : des mouvements qui visent \u00e0 changer la soci\u00e9t\u00e9.<\/p>\n","protected":false},"excerpt":{"rendered":"<p>Ce film a \u00e9t\u00e9 r\u00e9alis\u00e9 en rapport avec mon m\u00e9moire de Bachelor. Pendant un semestre, j\u2019ai \u00e9tudi\u00e9 \u00e0 Saint-Louis du S\u00e9n\u00e9gal o\u00f9 j\u2019ai fait des recherches sur le F\u00e9minisme Africain dans les essais d\u2019Awa Thiam, une \u00e9crivaine s\u00e9n\u00e9galaise.<span class=\"more-link\"><a href=\"https:\/\/dlftest.uzh.ch\/sites\/cultcomm\/2023\/03\/29\/le-feminisme-vu-par-des-ecrivaines-senegalaises\/\">Read More &rarr;<\/a><\/span><\/p>\n","protected":false},"author":1,"featured_media":1001,"comment_status":"closed","ping_status":"closed","sticky":false,"template":"","format":"standard","meta":{"_uag_custom_page_level_css":"","footnotes":""},"categories":[8],"tags":[],"uagb_featured_image_src":{"full":false,"thumbnail":false,"medium":false,"medium_large":false,"large":false,"1536x1536":false,"2048x2048":false,"hoot-medium-thumb":false,"hoot-preview":false,"hoot-large-thumb":false,"hoot-preview-large":false,"hoot-wide":false,"hoot-extra-wide":false},"uagb_author_info":{"display_name":"admin","author_link":"https:\/\/dlftest.uzh.ch\/sites\/cultcomm\/author\/admin\/"},"uagb_comment_info":0,"uagb_excerpt":"Ce film a \u00e9t\u00e9 r\u00e9alis\u00e9 en rapport avec mon m\u00e9moire de Bachelor. Pendant un semestre, j\u2019ai \u00e9tudi\u00e9 \u00e0 Saint-Louis du S\u00e9n\u00e9gal o\u00f9 j\u2019ai fait des recherches sur le F\u00e9minisme Africain dans les essais d\u2019Awa Thiam, une \u00e9crivaine s\u00e9n\u00e9galaise.Read More &rarr;","_links":{"self":[{"href":"https:\/\/dlftest.uzh.ch\/sites\/cultcomm\/wp-json\/wp\/v2\/posts\/1000"}],"collection":[{"href":"https:\/\/dlftest.uzh.ch\/sites\/cultcomm\/wp-json\/wp\/v2\/posts"}],"about":[{"href":"https:\/\/dlftest.uzh.ch\/sites\/cultcomm\/wp-json\/wp\/v2\/types\/post"}],"author":[{"embeddable":true,"href":"https:\/\/dlftest.uzh.ch\/sites\/cultcomm\/wp-json\/wp\/v2\/users\/1"}],"replies":[{"embeddable":true,"href":"https:\/\/dlftest.uzh.ch\/sites\/cultcomm\/wp-json\/wp\/v2\/comments?post=1000"}],"version-history":[{"count":0,"href":"https:\/\/dlftest.uzh.ch\/sites\/cultcomm\/wp-json\/wp\/v2\/posts\/1000\/revisions"}],"wp:featuredmedia":[{"embeddable":true,"href":"https:\/\/dlftest.uzh.ch\/sites\/cultcomm\/wp-json\/"}],"wp:attachment":[{"href":"https:\/\/dlftest.uzh.ch\/sites\/cultcomm\/wp-json\/wp\/v2\/media?parent=1000"}],"wp:term":[{"taxonomy":"category","embeddable":true,"href":"https:\/\/dlftest.uzh.ch\/sites\/cultcomm\/wp-json\/wp\/v2\/categories?post=1000"},{"taxonomy":"post_tag","embeddable":true,"href":"https:\/\/dlftest.uzh.ch\/sites\/cultcomm\/wp-json\/wp\/v2\/tags?post=1000"}],"curies":[{"name":"wp","href":"https:\/\/api.w.org\/{rel}","templated":true}]}}